{"id":41644,"date":"2026-08-24T12:01:26","date_gmt":"2026-08-24T09:01:26","guid":{"rendered":"https:\/\/bnbnews.gr\/?p=41644"},"modified":"2026-08-23T17:04:55","modified_gmt":"2026-08-23T14:04:55","slug":"ireland-str-register-planning-rules","status":"publish","type":"post","link":"https:\/\/bnbnews.gr\/en\/str-insights\/41644\/ireland-str-register-planning-rules\/","title":{"rendered":"Ireland: New STR Register still mired in uncertainty \u2013 What the industry fears"},"content":{"rendered":"<p class=\"PDq2pG_selectionAnchorContainer\" data-start=\"466\" data-end=\"708\">Ireland\u2019s plans to launch a new national Short-Term Rental Register by the end of 2026 have reached a critical stage, with the industry warning that the timetable is extremely tight while key elements of the planning framework remain unclear.<\/p>\n<p data-start=\"710\" data-end=\"1027\">The Irish Self Catering Federation (ISCF), which has supported the introduction of an STR register since 2017, argues in a new press release that registration itself is not the problem. Its main concern is the decision to link registration to retrospective planning requirements for existing self-catering businesses.<\/p>\n<p data-start=\"1029\" data-end=\"1260\">The ISCF\u2019s latest intervention follows concerns recently raised with BnBNews by its CEO, M\u00e1ire N\u00ed Mhurch\u00fa, who warned that the proposed framework could force existing small and family-run self-catering businesses out of the market.<\/p>\n<h2 data-section-id=\"1qkpx1j\" data-start=\"1262\" data-end=\"1306\">STR Register due to launch on December 1<\/h2>\n<p data-start=\"1308\" data-end=\"1554\">According to the ISCF, Ireland\u2019s Department of Enterprise, Tourism and Employment plans to launch the STR Register on <strong data-start=\"1426\" data-end=\"1446\">December 1, 2026<\/strong>, with short-term rental accommodation across the country expected to be registered by the end of the month.<\/p>\n<p data-start=\"1556\" data-end=\"1801\">The Federation considers the timetable extremely ambitious, arguing that there is still no clarity over the final form of the legislation governing the Register, while the National Planning Statement for Short-Term Rentals remains in draft form.<\/p>\n<p data-start=\"1803\" data-end=\"1931\">The latter was published on June 16 and, according to the ISCF, is still undergoing assessment processes, including at EU level.<\/p>\n<p data-start=\"1933\" data-end=\"2139\">The Federation argues that small businesses could therefore find themselves having to demonstrate compliance with requirements that have yet to be fully clarified, and within an extremely limited timeframe.<\/p>\n<h2 data-section-id=\"1fir1vn\" data-start=\"2141\" data-end=\"2187\">What the 20,000 population threshold means<\/h2>\n<p data-start=\"2189\" data-end=\"2322\">At the heart of the dispute is the way the proposed planning framework differentiates between locations according to population size.<\/p>\n<p data-start=\"2324\" data-end=\"2580\">According to the ISCF\u2019s interpretation of the proposals, in towns with <strong data-start=\"2395\" data-end=\"2426\">fewer than 20,000 residents<\/strong>, a simplified process would apply, with existing self-catering businesses given a two-year transition period to obtain the necessary planning permission.<\/p>\n<p data-start=\"2582\" data-end=\"2823\">The situation is considerably more complex in areas with <strong data-start=\"2639\" data-end=\"2669\">more than 20,000 residents<\/strong>. According to the Federation, businesses in these locations would need to meet the required planning conditions in order to operate under the new regime.<\/p>\n<p data-start=\"2825\" data-end=\"3090\">Special provisions are proposed for businesses that have been continuously operating in the short-term rental market for at least seven years. However, the ISCF says local planning authorities have yet to receive sufficiently clear guidance from central government.<\/p>\n<p data-start=\"3092\" data-end=\"3240\">The Federation says applications for self-catering and glamping developments are already being refused in areas including Waterford, Kerry and Mayo.<\/p>\n<h3 data-section-id=\"jgltto\" data-start=\"3242\" data-end=\"3288\">28,903 STRs in Ireland \u2013 32% are in Dublin<\/h3>\n<p data-start=\"3290\" data-end=\"3398\">The figures cited by the ISCF on the actual size of Ireland\u2019s short-term rental market are also significant.<\/p>\n<p data-start=\"3400\" data-end=\"3585\">According to Housing Agency figures cited by the Federation and based on online data scraping, Ireland has <strong data-start=\"3507\" data-end=\"3533\">28,903 short-term lets<\/strong>, of which <strong data-start=\"3544\" data-end=\"3584\">9,186, or 32%, are located in Dublin<\/strong>.<\/p>\n<p data-start=\"3587\" data-end=\"3937\">For the ISCF, this geographical distribution is crucial. The Federation argues that the government risks designing a nationwide tourism accommodation policy in response to a housing problem that is considerably more acute in the capital, without sufficiently taking into account the very different circumstances facing rural and coastal destinations.<\/p>\n<p data-start=\"3939\" data-end=\"4174\">This distinction lies at the heart of the ISCF\u2019s argument. In many regional areas, self-catering properties do not necessarily compete with long-term housing but instead form an essential part of the local tourism accommodation supply.<\/p>\n<h3 data-section-id=\"1btmxsb\" data-start=\"4176\" data-end=\"4234\">Self-catering accounts for 40% of tourism bed capacity<\/h3>\n<p data-start=\"4236\" data-end=\"4529\">The Federation also cites July 2026 data from F\u00e1ilte Ireland showing that self-catering is the <strong data-start=\"4331\" data-end=\"4393\">second-largest provider of tourism bed capacity in Ireland<\/strong>, accounting for around <strong data-start=\"4417\" data-end=\"4473\">40% of the country\u2019s available tourism accommodation<\/strong>, with a particularly strong presence in regional areas.<\/p>\n<p data-start=\"4531\" data-end=\"4711\">At the same time, the ISCF argues that insufficient research has been conducted into the economic value of self-catering in rural Ireland or the employment generated by the sector.<\/p>\n<p data-start=\"4713\" data-end=\"4979\">There is also a social dimension. According to the Federation, a significant proportion of small self-catering businesses are owned and operated by women, generating both income and employment in communities where alternative employment opportunities may be limited.<\/p>\n<h3 data-section-id=\"120e2nn\" data-start=\"4981\" data-end=\"5020\">The problem of \u201cghost STR planning\u201d<\/h3>\n<p data-start=\"5022\" data-end=\"5109\">Another issue highlighted by the ISCF is what it describes as <strong data-start=\"5084\" data-end=\"5109\">\u201cghost STR planning.\u201d<\/strong><\/p>\n<p data-start=\"5111\" data-end=\"5354\">The term refers to properties or developments that were originally built and granted planning permission for tourism use, often with the support of tax incentives in previous decades, but which are no longer operating as tourism accommodation.<\/p>\n<p data-start=\"5356\" data-end=\"5563\">According to the Federation, some of these properties are now being used for long-term rentals, as second homes, or under contracts with the State and local authorities, including accommodation for refugees.<\/p>\n<p data-start=\"5565\" data-end=\"5797\">The ISCF is therefore calling for an assessment of how these properties are actually being used, arguing that policymakers need an accurate picture of the number of tourism beds genuinely available before implementing the new rules.<\/p>\n<h3 data-section-id=\"6bwhuu\" data-start=\"5799\" data-end=\"5855\">\u201cOne rule for SMEs and another for large companies?\u201d<\/h3>\n<p data-start=\"5857\" data-end=\"6010\">The ISCF is particularly critical of what it sees as unequal treatment between small self-catering businesses and larger investments in the hotel sector.<\/p>\n<p data-start=\"6012\" data-end=\"6191\">The Federation points out that while existing small operators face retrospective planning requirements, new <strong data-start=\"6120\" data-end=\"6152\">aparthotels and hotel suites<\/strong> continue to receive planning approval.<\/p>\n<p data-start=\"6193\" data-end=\"6281\">\u201cIs there one rule for Irish SMEs and another for large companies?\u201d the Federation asks.<\/p>\n<p data-start=\"6283\" data-end=\"6519\">The ISCF is also calling for a framework that allows new forms of tourism accommodation to be developed in regional Ireland, including agritourism properties, glamping accommodation, small retreats and the conversion of older buildings.<\/p>\n<h3 data-section-id=\"lbh7w6\" data-start=\"6521\" data-end=\"6578\">\u201cWe want a Register \u2013 but the rules must be workable\u201d<\/h3>\n<p data-start=\"6580\" data-end=\"6691\">Despite the strong tone of its intervention, the ISCF is not opposed to the registration of short-term rentals.<\/p>\n<p data-start=\"6693\" data-end=\"6904\">On the contrary, it reiterates that it has been calling for a national Register since 2017, arguing that reliable data is essential both for effective oversight and for evidence-based tourism and housing policy.<\/p>\n<p data-start=\"6906\" data-end=\"7139\">Its objection is to linking the Register to a planning system which, in the Federation\u2019s view, is not yet ready to deal with the new requirements and could result in existing small businesses being forced to close by the end of 2026.<\/p>\n<p data-start=\"7141\" data-end=\"7327\">The Federation is calling for meaningful dialogue between the government, tourism representatives and the industry, as well as clear and workable guidance for local planning authorities.<\/p>\n<p data-start=\"7329\" data-end=\"7634\">Its central argument is that Ireland does need regulation and reliable STR data, but that policymakers should not treat an apartment in a high-pressure housing market in Dublin in the same way as a self-catering property that forms part of the tourism infrastructure of a small rural or coastal community.<\/p>\n<div class=\"gsp_post_data\" \r\n\t            data-post_type=\"post\" \r\n\t            data-cat=\"str-insights,%ce%ba4\" \r\n\t            data-modified=\"120\"\r\n\t            data-created=\"1787572886\"\r\n\t            data-title=\"Ireland: New STR Register still mired in uncertainty \u2013 What the industry fears\" \r\n\t            data-home=\"https:\/\/bnbnews.gr\/en\/\"><\/div>","protected":false},"excerpt":{"rendered":"<p>Ireland\u2019s plans to launch a new national Short-Term Rental Register by the end of 2026 have reached a critical stage, with the industry warning that the timetable is extremely tight while key elements of the planning framework remain unclear. The Irish Self Catering Federation (ISCF), which has supported the introduction of an STR register since<\/p>\n","protected":false},"author":3,"featured_media":41647,"comment_status":"closed","ping_status":"closed","sticky":false,"template":"","format":"standard","meta":{"_mo_disable_npp":"","footnotes":"","_members_access_role":[],"_members_access_error":""},"categories":[515,569],"tags":[539,1289,1594],"class_list":["post-41644","post","type-post","status-publish","format-standard","has-post-thumbnail","category-str-insights","category-569","tag-international-news","tag-diethni-en","tag-ireland"],"_bunyad_layout_template":null,"_bunyad_layout_spacious":null,"_bunyad_sponsor_name":null,"_bunyad_sponsor_logo":null,"_bunyad_sponsor_url":null,"_bunyad_sub_title":"The Irish Self Catering Federation warns that linking registration to planning requirements could force small businesses out of the market \u2013 Different rules proposed for areas above and below the 20,000 population threshold","_yoast_wpseo_metadesc":"The ISCF warns that Ireland\u2019s new STR Register and planning rules could put small self-catering businesses at risk.","_yoast_wpseo_focuskw":"Ireland STR Register","_yoast_wpseo_title":"Ireland STR Register: Industry warns of unclear rules","_bunyad_layout_style":null,"yoast_head":"<!-- This site is optimized with the Yoast SEO Premium plugin v28.3 (Yoast SEO v28.3) - https:\/\/yoast.com\/product\/yoast-seo-premium-wordpress\/ -->\n<title>Ireland STR Register: Industry warns of unclear rules<\/title>\n<meta name=\"description\" content=\"The ISCF warns that Ireland\u2019s new STR Register and planning rules could put small self-catering businesses at risk.\" \/>\n<meta name=\"robots\" content=\"index, follow, max-snippet:-1, max-image-preview:large, max-video-preview:-1\" \/>\n<link rel=\"canonical\" href=\"https:\/\/bnbnews.gr\/en\/str-insights\/41644\/ireland-str-register-planning-rules\/\" \/>\n<meta property=\"og:locale\" content=\"en_US\" \/>\n<meta property=\"og:type\" content=\"article\" \/>\n<meta property=\"og:title\" content=\"Ireland: New STR Register still mired in uncertainty \u2013 What the industry fears - STR Insights\" \/>\n<meta property=\"og:description\" content=\"Ireland: New STR Register still mired in uncertainty \u2013 What the industry fears - STR Insights - BnBNews\" \/>\n<meta property=\"og:url\" content=\"https:\/\/bnbnews.gr\/en\/str-insights\/41644\/ireland-str-register-planning-rules\/\" \/>\n<meta property=\"og:site_name\" content=\"BnBNews\" \/>\n<meta property=\"article:publisher\" content=\"https:\/\/www.facebook.com\/bnbnews.gr\" \/>\n<meta property=\"article:published_time\" content=\"2026-08-24T09:01:26+00:00\" \/>\n<meta property=\"og:image\" content=\"https:\/\/bnbnews.gr\/wp-content\/uploads\/2026\/08\/Irlandia-Mitroo-STR.jpg\" \/>\n\t<meta property=\"og:image:width\" content=\"1200\" \/>\n\t<meta property=\"og:image:height\" content=\"780\" \/>\n\t<meta property=\"og:image:type\" content=\"image\/jpeg\" \/>\n<meta name=\"author\" content=\"\u0392\u03af\u03ba\u03b7 \u03a4\u03c1\u03cd\u03c6\u03c9\u03bd\u03b1\" \/>\n<meta name=\"twitter:card\" content=\"summary_large_image\" \/>\n<meta name=\"twitter:creator\" content=\"@BnBNews2\" \/>\n<meta name=\"twitter:site\" content=\"@BnBNews2\" \/>\n<meta name=\"twitter:label1\" content=\"Written by\" \/>\n\t<meta name=\"twitter:data1\" content=\"Vicky Trifona\" \/>\n\t<meta name=\"twitter:label2\" content=\"Est. reading time\" \/>\n\t<meta name=\"twitter:data2\" content=\"7 minutes\" \/>\n<script type=\"application\/ld+json\" class=\"yoast-schema-graph\">{\"@context\":\"https:\\\/\\\/schema.org\",\"@graph\":[{\"@type\":\"ReportageNewsArticle\",\"@id\":\"https:\\\/\\\/bnbnews.gr\\\/en\\\/str-insights\\\/41644\\\/ireland-str-register-planning-rules\\\/#article\",\"isPartOf\":{\"@id\":\"https:\\\/\\\/bnbnews.gr\\\/en\\\/str-insights\\\/41644\\\/ireland-str-register-planning-rules\\\/\"},\"author\":{\"name\":\"\u0392\u03af\u03ba\u03b7 \u03a4\u03c1\u03cd\u03c6\u03c9\u03bd\u03b1\",\"@id\":\"https:\\\/\\\/bnbnews.gr\\\/en\\\/#\\\/schema\\\/person\\\/a5a0b33c91b897e58233a9c7bfa28216\"},\"headline\":\"Ireland: New STR Register still mired in uncertainty \u2013 What the industry fears\",\"datePublished\":\"2026-08-24T09:01:26+00:00\",\"mainEntityOfPage\":{\"@id\":\"https:\\\/\\\/bnbnews.gr\\\/en\\\/str-insights\\\/41644\\\/ireland-str-register-planning-rules\\\/\"},\"wordCount\":1072,\"publisher\":{\"@id\":\"https:\\\/\\\/bnbnews.gr\\\/en\\\/#organization\"},\"image\":{\"@id\":\"https:\\\/\\\/bnbnews.gr\\\/en\\\/str-insights\\\/41644\\\/ireland-str-register-planning-rules\\\/#primaryimage\"},\"thumbnailUrl\":\"https:\\\/\\\/bnbnews.gr\\\/wp-content\\\/uploads\\\/2026\\\/08\\\/Irlandia-Mitroo-STR.jpg\",\"keywords\":[\"international news\",\"\u03b4\u03b9\u03b5\u03b8\u03bd\u03ae\",\"Ireland\"],\"articleSection\":[\"STR Insights\",\"\u039a4\"],\"inLanguage\":\"en-US\",\"copyrightYear\":\"2026\",\"copyrightHolder\":{\"@id\":\"https:\\\/\\\/bnbnews.gr\\\/#organization\"}},{\"@type\":\"WebPage\",\"@id\":\"https:\\\/\\\/bnbnews.gr\\\/en\\\/str-insights\\\/41644\\\/ireland-str-register-planning-rules\\\/\",\"url\":\"https:\\\/\\\/bnbnews.gr\\\/en\\\/str-insights\\\/41644\\\/ireland-str-register-planning-rules\\\/\",\"name\":\"Ireland STR Register: Industry warns of unclear rules\",\"isPartOf\":{\"@id\":\"https:\\\/\\\/bnbnews.gr\\\/en\\\/#website\"},\"primaryImageOfPage\":{\"@id\":\"https:\\\/\\\/bnbnews.gr\\\/en\\\/str-insights\\\/41644\\\/ireland-str-register-planning-rules\\\/#primaryimage\"},\"image\":{\"@id\":\"https:\\\/\\\/bnbnews.gr\\\/en\\\/str-insights\\\/41644\\\/ireland-str-register-planning-rules\\\/#primaryimage\"},\"thumbnailUrl\":\"https:\\\/\\\/bnbnews.gr\\\/wp-content\\\/uploads\\\/2026\\\/08\\\/Irlandia-Mitroo-STR.jpg\",\"datePublished\":\"2026-08-24T09:01:26+00:00\",\"description\":\"The ISCF warns that Ireland\u2019s new STR Register and planning rules could put small self-catering businesses at risk.\",\"breadcrumb\":{\"@id\":\"https:\\\/\\\/bnbnews.gr\\\/en\\\/str-insights\\\/41644\\\/ireland-str-register-planning-rules\\\/#breadcrumb\"},\"inLanguage\":\"en-US\",\"potentialAction\":[{\"@type\":\"ReadAction\",\"target\":[\"https:\\\/\\\/bnbnews.gr\\\/en\\\/str-insights\\\/41644\\\/ireland-str-register-planning-rules\\\/\"]}]},{\"@type\":\"ImageObject\",\"inLanguage\":\"en-US\",\"@id\":\"https:\\\/\\\/bnbnews.gr\\\/en\\\/str-insights\\\/41644\\\/ireland-str-register-planning-rules\\\/#primaryimage\",\"url\":\"https:\\\/\\\/bnbnews.gr\\\/wp-content\\\/uploads\\\/2026\\\/08\\\/Irlandia-Mitroo-STR.jpg\",\"contentUrl\":\"https:\\\/\\\/bnbnews.gr\\\/wp-content\\\/uploads\\\/2026\\\/08\\\/Irlandia-Mitroo-STR.jpg\",\"width\":1200,\"height\":780,\"caption\":\"STR in Ireland \u00a9ISCF\"},{\"@type\":\"BreadcrumbList\",\"@id\":\"https:\\\/\\\/bnbnews.gr\\\/en\\\/str-insights\\\/41644\\\/ireland-str-register-planning-rules\\\/#breadcrumb\",\"itemListElement\":[{\"@type\":\"ListItem\",\"position\":1,\"name\":\"\u0391\u03c1\u03c7\u03b9\u03ba\u03ae\",\"item\":\"https:\\\/\\\/bnbnews.gr\\\/en\\\/home-bnb-news-2\\\/\"},{\"@type\":\"ListItem\",\"position\":2,\"name\":\"Ireland: New STR Register still mired in uncertainty \u2013 What the industry fears\"}]},{\"@type\":\"WebSite\",\"@id\":\"https:\\\/\\\/bnbnews.gr\\\/en\\\/#website\",\"url\":\"https:\\\/\\\/bnbnews.gr\\\/en\\\/\",\"name\":\"Airbnb, \u0392\u03c1\u03b1\u03c7\u03c5\u03c7\u03c1\u03cc\u03bd\u03b9\u03b1 \u039c\u03af\u03c3\u03b8\u03c9\u03c3\u03b7 & \u03a4\u03bf\u03c5\u03c1\u03b9\u03c3\u03c4\u03b9\u03ba\u03ac \u039a\u03b1\u03c4\u03b1\u03bb\u03cd\u03bc\u03b1\u03c4\u03b1\",\"description\":\"\u0397 \u03c0\u03cd\u03bb\u03b7 \u03b5\u03bd\u03b7\u03bc\u03ad\u03c1\u03c9\u03c3\u03b7\u03c2 \u03c4\u03c9\u03bd \u03b5\u03c0\u03b1\u03b3\u03b3\u03b5\u03bb\u03bc\u03b1\u03c4\u03b9\u03ce\u03bd \u03c4\u03b7\u03c2 \u0392\u03c1\u03b1\u03c7\u03c5\u03c7\u03c1\u03cc\u03bd\u03b9\u03b1\u03c2 \u03a4\u03bf\u03c5\u03c1\u03b9\u03c3\u03c4\u03b9\u03ba\u03ae\u03c2 \u039c\u03af\u03c3\u03b8\u03c9\u03c3\u03b7\u03c2, \u03bc\u03b5 \u03b5\u03b9\u03b4\u03ae\u03c3\u03b5\u03b9\u03c2, \u03ac\u03c1\u03b8\u03c1\u03b1 \u03ba\u03b1\u03b9 \u03c7\u03c1\u03ae\u03c3\u03b9\u03bc\u03b5\u03c2 \u03c0\u03bb\u03b7\u03c1\u03bf\u03c6\u03bf\u03c1\u03af\u03b5\u03c2\",\"publisher\":{\"@id\":\"https:\\\/\\\/bnbnews.gr\\\/en\\\/#organization\"},\"alternateName\":\"BnBNews.gr\",\"potentialAction\":[{\"@type\":\"SearchAction\",\"target\":{\"@type\":\"EntryPoint\",\"urlTemplate\":\"https:\\\/\\\/bnbnews.gr\\\/en\\\/?s={search_term_string}\"},\"query-input\":{\"@type\":\"PropertyValueSpecification\",\"valueRequired\":true,\"valueName\":\"search_term_string\"}}],\"inLanguage\":\"en-US\"},{\"@type\":\"Organization\",\"@id\":\"https:\\\/\\\/bnbnews.gr\\\/en\\\/#organization\",\"name\":\"BnBNews\",\"url\":\"https:\\\/\\\/bnbnews.gr\\\/en\\\/\",\"logo\":{\"@type\":\"ImageObject\",\"inLanguage\":\"en-US\",\"@id\":\"https:\\\/\\\/bnbnews.gr\\\/en\\\/#\\\/schema\\\/logo\\\/image\\\/\",\"url\":\"https:\\\/\\\/bnbnews.gr\\\/wp-content\\\/uploads\\\/2024\\\/12\\\/bnbnews-avatar.jpg\",\"contentUrl\":\"https:\\\/\\\/bnbnews.gr\\\/wp-content\\\/uploads\\\/2024\\\/12\\\/bnbnews-avatar.jpg\",\"width\":480,\"height\":480,\"caption\":\"BnBNews\"},\"image\":{\"@id\":\"https:\\\/\\\/bnbnews.gr\\\/en\\\/#\\\/schema\\\/logo\\\/image\\\/\"},\"sameAs\":[\"https:\\\/\\\/www.facebook.com\\\/bnbnews.gr\",\"https:\\\/\\\/x.com\\\/BnBNews2\",\"https:\\\/\\\/www.instagram.com\\\/bnbnews.gr\\\/\",\"https:\\\/\\\/www.linkedin.com\\\/company\\\/bnb-news\"],\"description\":\"\u03a4\u03bf BnBNews.gr \u03b5\u03af\u03bd\u03b1\u03b9 \u03b7 \u03b5\u03bb\u03bb\u03b7\u03bd\u03b9\u03ba\u03ae \u03b5\u03bd\u03b7\u03bc\u03b5\u03c1\u03c9\u03c4\u03b9\u03ba\u03ae \u03c0\u03cd\u03bb\u03b7 \u03b3\u03b9\u03b1 \u03c4\u03b7 \u0392\u03c1\u03b1\u03c7\u03c5\u03c7\u03c1\u03cc\u03bd\u03b9\u03b1 \u039c\u03af\u03c3\u03b8\u03c9\u03c3\u03b7, \u03c4\u03bf Airbnb, \u03c4\u03b1 \u03c4\u03bf\u03c5\u03c1\u03b9\u03c3\u03c4\u03b9\u03ba\u03ac \u03ba\u03b1\u03c4\u03b1\u03bb\u03cd\u03bc\u03b1\u03c4\u03b1 \u03ba\u03b1\u03b9 \u03c4\u03bf\u03bd \u03ba\u03bb\u03ac\u03b4\u03bf \u03c4\u03b7\u03c2 \u03c6\u03b9\u03bb\u03bf\u03be\u03b5\u03bd\u03af\u03b1\u03c2. \u0394\u03b7\u03bc\u03bf\u03c3\u03b9\u03b5\u03cd\u03b5\u03b9 \u03b5\u03b9\u03b4\u03ae\u03c3\u03b5\u03b9\u03c2, \u03ac\u03c1\u03b8\u03c1\u03b1, \u03bf\u03b4\u03b7\u03b3\u03bf\u03cd\u03c2, \u03c3\u03c5\u03bd\u03b5\u03bd\u03c4\u03b5\u03cd\u03be\u03b5\u03b9\u03c2, \u03c6\u03bf\u03c1\u03bf\u03bb\u03bf\u03b3\u03b9\u03ba\u03ad\u03c2 \u03ba\u03b1\u03b9 \u03bd\u03bf\u03bc\u03b9\u03ba\u03ad\u03c2 \u03b5\u03be\u03b5\u03bb\u03af\u03be\u03b5\u03b9\u03c2, \u03ba\u03b1\u03b8\u03ce\u03c2 \u03ba\u03b1\u03b9 \u03c0\u03bb\u03b7\u03c1\u03bf\u03c6\u03bf\u03c1\u03af\u03b5\u03c2 \u03b3\u03b9\u03b1 \u03b9\u03b4\u03b9\u03bf\u03ba\u03c4\u03ae\u03c4\u03b5\u03c2, \u03b4\u03b9\u03b1\u03c7\u03b5\u03b9\u03c1\u03b9\u03c3\u03c4\u03ad\u03c2 \u03b1\u03ba\u03b9\u03bd\u03ae\u03c4\u03c9\u03bd \u03ba\u03b1\u03b9 \u03b5\u03c0\u03b1\u03b3\u03b3\u03b5\u03bb\u03bc\u03b1\u03c4\u03af\u03b5\u03c2 \u03c4\u03bf\u03c5 \u03c4\u03bf\u03c5\u03c1\u03b9\u03c3\u03bc\u03bf\u03cd.\",\"email\":\"stathis@bnbnews.gr\",\"telephone\":\"+302104448431\"},{\"@type\":\"Person\",\"@id\":\"https:\\\/\\\/bnbnews.gr\\\/en\\\/#\\\/schema\\\/person\\\/a5a0b33c91b897e58233a9c7bfa28216\",\"name\":\"\u0392\u03af\u03ba\u03b7 \u03a4\u03c1\u03cd\u03c6\u03c9\u03bd\u03b1\",\"image\":{\"@type\":\"ImageObject\",\"inLanguage\":\"en-US\",\"@id\":\"https:\\\/\\\/bnbnews.gr\\\/wp-content\\\/litespeed\\\/avatar\\\/54a464eead24b188ac7f03900b020384.jpg?ver=1788176340\",\"url\":\"https:\\\/\\\/bnbnews.gr\\\/wp-content\\\/litespeed\\\/avatar\\\/54a464eead24b188ac7f03900b020384.jpg?ver=1788176340\",\"contentUrl\":\"https:\\\/\\\/bnbnews.gr\\\/wp-content\\\/litespeed\\\/avatar\\\/54a464eead24b188ac7f03900b020384.jpg?ver=1788176340\",\"caption\":\"\u0392\u03af\u03ba\u03b7 \u03a4\u03c1\u03cd\u03c6\u03c9\u03bd\u03b1\"},\"description\":\"\u03a3\u03c5\u03bd\u03b9\u03b4\u03c1\u03cd\u03c4\u03c1\u03b9\u03b1 \u03ba\u03b1\u03b9 \u03b1\u03c1\u03c7\u03b9\u03c3\u03c5\u03bd\u03c4\u03ac\u03ba\u03c4\u03c1\u03b9\u03b1 \u03c4\u03bf\u03c5 BnBNews.gr, \u03b4\u03b7\u03bc\u03bf\u03c3\u03b9\u03bf\u03b3\u03c1\u03ac\u03c6\u03bf\u03c2, \u03bc\u03ad\u03bb\u03bf\u03c2 \u03c4\u03b7\u03c2 \u0395\u03a3\u0397\u0395\u0391. \u0391\u03c0\u03cc \u03c4\u03bf 1997 \u03b5\u03c1\u03b3\u03ac\u03b6\u03b5\u03c4\u03b1\u03b9 \u03c9\u03c2 \u03b4\u03b9\u03b1\u03c0\u03b9\u03c3\u03c4\u03b5\u03c5\u03bc\u03ad\u03bd\u03b7 \u03c3\u03c5\u03bd\u03c4\u03ac\u03ba\u03c4\u03c1\u03b9\u03b1 \u03c4\u03bf\u03c5 \u0395\u039f\u03a4 \u03ba\u03b1\u03b9 \u03ba\u03b1\u03c4\u03cc\u03c0\u03b9\u03bd \u03c4\u03bf\u03c5 \u03a5\u03c0\u03bf\u03c5\u03c1\u03b3\u03b5\u03af\u03bf\u03c5 \u03a4\u03bf\u03c5\u03c1\u03b9\u03c3\u03bc\u03bf\u03cd \u03c3\u03b5 \u03bc\u03b9\u03b1 \u03c3\u03b5\u03b9\u03c1\u03ac \u03bc\u03ad\u03c3\u03c9\u03bd \u03b5\u03bd\u03b7\u03bc\u03ad\u03c1\u03c9\u03c3\u03b7\u03c2, \u03ba\u03b1\u03bb\u03cd\u03c0\u03c4\u03bf\u03bd\u03c4\u03b1\u03c2 \u03b8\u03ad\u03bc\u03b1\u03c4\u03b1 \u03c4\u03bf\u03c5\u03c1\u03b9\u03c3\u03bc\u03bf\u03cd \u03ba\u03b1\u03b9 \u03c4\u03b1\u03be\u03b9\u03b4\u03b9\u03ce\u03bd. \u0391\u03bd\u03ac\u03bc\u03b5\u03c3\u03ac \u03c4\u03bf\u03c5\u03c2 \u03c3\u03c4\u03b9\u03c2 \u03b5\u03c6\u03b7\u03bc\u03b5\u03c1\u03af\u03b4\u03b5\u03c2 \u039d\u03b1\u03c5\u03c4\u03b5\u03bc\u03c0\u03bf\u03c1\u03b9\u03ba\u03ae, \u039a\u03b1\u03b8\u03b7\u03bc\u03b5\u03c1\u03b9\u03bd\u03ae, \u0395\u03be\u03bf\u03c5\u03c3\u03af\u03b1, \u03c4\u03b1 \u03c0\u03b5\u03c1\u03b9\u03bf\u03b4\u03b9\u03ba\u03ac\\\/websites Hotel &amp; Restaurant, Tourism &amp; Property, xenia news, Travel Times, Powergame.gr, \u03ba.\u03ac.\",\"url\":\"https:\\\/\\\/bnbnews.gr\\\/en\\\/author\\\/vicky\\\/\"}]}<\/script>\n<!-- \/ Yoast SEO Premium plugin. -->","yoast_head_json":{"title":"Ireland STR Register: Industry warns of unclear rules","description":"The ISCF warns that Ireland\u2019s new STR Register and planning rules could put small self-catering businesses at risk.","robots":{"index":"index","follow":"follow","max-snippet":"max-snippet:-1","max-image-preview":"max-image-preview:large","max-video-preview":"max-video-preview:-1"},"canonical":"https:\/\/bnbnews.gr\/en\/str-insights\/41644\/ireland-str-register-planning-rules\/","og_locale":"en_US","og_type":"article","og_title":"Ireland: New STR Register still mired in uncertainty \u2013 What the industry fears - STR Insights","og_description":"Ireland: New STR Register still mired in uncertainty \u2013 What the industry fears - STR Insights - BnBNews","og_url":"https:\/\/bnbnews.gr\/en\/str-insights\/41644\/ireland-str-register-planning-rules\/","og_site_name":"BnBNews","article_publisher":"https:\/\/www.facebook.com\/bnbnews.gr","article_published_time":"2026-08-24T09:01:26+00:00","og_image":[{"width":1200,"height":780,"url":"https:\/\/bnbnews.gr\/wp-content\/uploads\/2026\/08\/Irlandia-Mitroo-STR.jpg","type":"image\/jpeg"}],"author":"\u0392\u03af\u03ba\u03b7 \u03a4\u03c1\u03cd\u03c6\u03c9\u03bd\u03b1","twitter_card":"summary_large_image","twitter_creator":"@BnBNews2","twitter_site":"@BnBNews2","twitter_misc":{"Written by":"Vicky Trifona","Est. reading time":"7 minutes"},"schema":{"@context":"https:\/\/schema.org","@graph":[{"@type":"ReportageNewsArticle","@id":"https:\/\/bnbnews.gr\/en\/str-insights\/41644\/ireland-str-register-planning-rules\/#article","isPartOf":{"@id":"https:\/\/bnbnews.gr\/en\/str-insights\/41644\/ireland-str-register-planning-rules\/"},"author":{"name":"\u0392\u03af\u03ba\u03b7 \u03a4\u03c1\u03cd\u03c6\u03c9\u03bd\u03b1","@id":"https:\/\/bnbnews.gr\/en\/#\/schema\/person\/a5a0b33c91b897e58233a9c7bfa28216"},"headline":"Ireland: New STR Register still mired in uncertainty \u2013 What the industry fears","datePublished":"2026-08-24T09:01:26+00:00","mainEntityOfPage":{"@id":"https:\/\/bnbnews.gr\/en\/str-insights\/41644\/ireland-str-register-planning-rules\/"},"wordCount":1072,"publisher":{"@id":"https:\/\/bnbnews.gr\/en\/#organization"},"image":{"@id":"https:\/\/bnbnews.gr\/en\/str-insights\/41644\/ireland-str-register-planning-rules\/#primaryimage"},"thumbnailUrl":"https:\/\/bnbnews.gr\/wp-content\/uploads\/2026\/08\/Irlandia-Mitroo-STR.jpg","keywords":["international news","\u03b4\u03b9\u03b5\u03b8\u03bd\u03ae","Ireland"],"articleSection":["STR Insights","\u039a4"],"inLanguage":"en-US","copyrightYear":"2026","copyrightHolder":{"@id":"https:\/\/bnbnews.gr\/#organization"}},{"@type":"WebPage","@id":"https:\/\/bnbnews.gr\/en\/str-insights\/41644\/ireland-str-register-planning-rules\/","url":"https:\/\/bnbnews.gr\/en\/str-insights\/41644\/ireland-str-register-planning-rules\/","name":"Ireland STR Register: Industry warns of unclear rules","isPartOf":{"@id":"https:\/\/bnbnews.gr\/en\/#website"},"primaryImageOfPage":{"@id":"https:\/\/bnbnews.gr\/en\/str-insights\/41644\/ireland-str-register-planning-rules\/#primaryimage"},"image":{"@id":"https:\/\/bnbnews.gr\/en\/str-insights\/41644\/ireland-str-register-planning-rules\/#primaryimage"},"thumbnailUrl":"https:\/\/bnbnews.gr\/wp-content\/uploads\/2026\/08\/Irlandia-Mitroo-STR.jpg","datePublished":"2026-08-24T09:01:26+00:00","description":"The ISCF warns that Ireland\u2019s new STR Register and planning rules could put small self-catering businesses at risk.","breadcrumb":{"@id":"https:\/\/bnbnews.gr\/en\/str-insights\/41644\/ireland-str-register-planning-rules\/#breadcrumb"},"inLanguage":"en-US","potentialAction":[{"@type":"ReadAction","target":["https:\/\/bnbnews.gr\/en\/str-insights\/41644\/ireland-str-register-planning-rules\/"]}]},{"@type":"ImageObject","inLanguage":"en-US","@id":"https:\/\/bnbnews.gr\/en\/str-insights\/41644\/ireland-str-register-planning-rules\/#primaryimage","url":"https:\/\/bnbnews.gr\/wp-content\/uploads\/2026\/08\/Irlandia-Mitroo-STR.jpg","contentUrl":"https:\/\/bnbnews.gr\/wp-content\/uploads\/2026\/08\/Irlandia-Mitroo-STR.jpg","width":1200,"height":780,"caption":"STR in Ireland \u00a9ISCF"},{"@type":"BreadcrumbList","@id":"https:\/\/bnbnews.gr\/en\/str-insights\/41644\/ireland-str-register-planning-rules\/#breadcrumb","itemListElement":[{"@type":"ListItem","position":1,"name":"\u0391\u03c1\u03c7\u03b9\u03ba\u03ae","item":"https:\/\/bnbnews.gr\/en\/home-bnb-news-2\/"},{"@type":"ListItem","position":2,"name":"Ireland: New STR Register still mired in uncertainty \u2013 What the industry fears"}]},{"@type":"WebSite","@id":"https:\/\/bnbnews.gr\/en\/#website","url":"https:\/\/bnbnews.gr\/en\/","name":"Airbnb, \u0392\u03c1\u03b1\u03c7\u03c5\u03c7\u03c1\u03cc\u03bd\u03b9\u03b1 \u039c\u03af\u03c3\u03b8\u03c9\u03c3\u03b7 & \u03a4\u03bf\u03c5\u03c1\u03b9\u03c3\u03c4\u03b9\u03ba\u03ac \u039a\u03b1\u03c4\u03b1\u03bb\u03cd\u03bc\u03b1\u03c4\u03b1","description":"\u0397 \u03c0\u03cd\u03bb\u03b7 \u03b5\u03bd\u03b7\u03bc\u03ad\u03c1\u03c9\u03c3\u03b7\u03c2 \u03c4\u03c9\u03bd \u03b5\u03c0\u03b1\u03b3\u03b3\u03b5\u03bb\u03bc\u03b1\u03c4\u03b9\u03ce\u03bd \u03c4\u03b7\u03c2 \u0392\u03c1\u03b1\u03c7\u03c5\u03c7\u03c1\u03cc\u03bd\u03b9\u03b1\u03c2 \u03a4\u03bf\u03c5\u03c1\u03b9\u03c3\u03c4\u03b9\u03ba\u03ae\u03c2 \u039c\u03af\u03c3\u03b8\u03c9\u03c3\u03b7\u03c2, \u03bc\u03b5 \u03b5\u03b9\u03b4\u03ae\u03c3\u03b5\u03b9\u03c2, \u03ac\u03c1\u03b8\u03c1\u03b1 \u03ba\u03b1\u03b9 \u03c7\u03c1\u03ae\u03c3\u03b9\u03bc\u03b5\u03c2 \u03c0\u03bb\u03b7\u03c1\u03bf\u03c6\u03bf\u03c1\u03af\u03b5\u03c2","publisher":{"@id":"https:\/\/bnbnews.gr\/en\/#organization"},"alternateName":"BnBNews.gr","potentialAction":[{"@type":"SearchAction","target":{"@type":"EntryPoint","urlTemplate":"https:\/\/bnbnews.gr\/en\/?s={search_term_string}"},"query-input":{"@type":"PropertyValueSpecification","valueRequired":true,"valueName":"search_term_string"}}],"inLanguage":"en-US"},{"@type":"Organization","@id":"https:\/\/bnbnews.gr\/en\/#organization","name":"BnBNews","url":"https:\/\/bnbnews.gr\/en\/","logo":{"@type":"ImageObject","inLanguage":"en-US","@id":"https:\/\/bnbnews.gr\/en\/#\/schema\/logo\/image\/","url":"https:\/\/bnbnews.gr\/wp-content\/uploads\/2024\/12\/bnbnews-avatar.jpg","contentUrl":"https:\/\/bnbnews.gr\/wp-content\/uploads\/2024\/12\/bnbnews-avatar.jpg","width":480,"height":480,"caption":"BnBNews"},"image":{"@id":"https:\/\/bnbnews.gr\/en\/#\/schema\/logo\/image\/"},"sameAs":["https:\/\/www.facebook.com\/bnbnews.gr","https:\/\/x.com\/BnBNews2","https:\/\/www.instagram.com\/bnbnews.gr\/","https:\/\/www.linkedin.com\/company\/bnb-news"],"description":"\u03a4\u03bf BnBNews.gr \u03b5\u03af\u03bd\u03b1\u03b9 \u03b7 \u03b5\u03bb\u03bb\u03b7\u03bd\u03b9\u03ba\u03ae \u03b5\u03bd\u03b7\u03bc\u03b5\u03c1\u03c9\u03c4\u03b9\u03ba\u03ae \u03c0\u03cd\u03bb\u03b7 \u03b3\u03b9\u03b1 \u03c4\u03b7 \u0392\u03c1\u03b1\u03c7\u03c5\u03c7\u03c1\u03cc\u03bd\u03b9\u03b1 \u039c\u03af\u03c3\u03b8\u03c9\u03c3\u03b7, \u03c4\u03bf Airbnb, \u03c4\u03b1 \u03c4\u03bf\u03c5\u03c1\u03b9\u03c3\u03c4\u03b9\u03ba\u03ac \u03ba\u03b1\u03c4\u03b1\u03bb\u03cd\u03bc\u03b1\u03c4\u03b1 \u03ba\u03b1\u03b9 \u03c4\u03bf\u03bd \u03ba\u03bb\u03ac\u03b4\u03bf \u03c4\u03b7\u03c2 \u03c6\u03b9\u03bb\u03bf\u03be\u03b5\u03bd\u03af\u03b1\u03c2. \u0394\u03b7\u03bc\u03bf\u03c3\u03b9\u03b5\u03cd\u03b5\u03b9 \u03b5\u03b9\u03b4\u03ae\u03c3\u03b5\u03b9\u03c2, \u03ac\u03c1\u03b8\u03c1\u03b1, \u03bf\u03b4\u03b7\u03b3\u03bf\u03cd\u03c2, \u03c3\u03c5\u03bd\u03b5\u03bd\u03c4\u03b5\u03cd\u03be\u03b5\u03b9\u03c2, \u03c6\u03bf\u03c1\u03bf\u03bb\u03bf\u03b3\u03b9\u03ba\u03ad\u03c2 \u03ba\u03b1\u03b9 \u03bd\u03bf\u03bc\u03b9\u03ba\u03ad\u03c2 \u03b5\u03be\u03b5\u03bb\u03af\u03be\u03b5\u03b9\u03c2, \u03ba\u03b1\u03b8\u03ce\u03c2 \u03ba\u03b1\u03b9 \u03c0\u03bb\u03b7\u03c1\u03bf\u03c6\u03bf\u03c1\u03af\u03b5\u03c2 \u03b3\u03b9\u03b1 \u03b9\u03b4\u03b9\u03bf\u03ba\u03c4\u03ae\u03c4\u03b5\u03c2, \u03b4\u03b9\u03b1\u03c7\u03b5\u03b9\u03c1\u03b9\u03c3\u03c4\u03ad\u03c2 \u03b1\u03ba\u03b9\u03bd\u03ae\u03c4\u03c9\u03bd \u03ba\u03b1\u03b9 \u03b5\u03c0\u03b1\u03b3\u03b3\u03b5\u03bb\u03bc\u03b1\u03c4\u03af\u03b5\u03c2 \u03c4\u03bf\u03c5 \u03c4\u03bf\u03c5\u03c1\u03b9\u03c3\u03bc\u03bf\u03cd.","email":"stathis@bnbnews.gr","telephone":"+302104448431"},{"@type":"Person","@id":"https:\/\/bnbnews.gr\/en\/#\/schema\/person\/a5a0b33c91b897e58233a9c7bfa28216","name":"\u0392\u03af\u03ba\u03b7 \u03a4\u03c1\u03cd\u03c6\u03c9\u03bd\u03b1","image":{"@type":"ImageObject","inLanguage":"en-US","@id":"https:\/\/bnbnews.gr\/wp-content\/litespeed\/avatar\/54a464eead24b188ac7f03900b020384.jpg?ver=1788176340","url":"https:\/\/bnbnews.gr\/wp-content\/litespeed\/avatar\/54a464eead24b188ac7f03900b020384.jpg?ver=1788176340","contentUrl":"https:\/\/bnbnews.gr\/wp-content\/litespeed\/avatar\/54a464eead24b188ac7f03900b020384.jpg?ver=1788176340","caption":"\u0392\u03af\u03ba\u03b7 \u03a4\u03c1\u03cd\u03c6\u03c9\u03bd\u03b1"},"description":"\u03a3\u03c5\u03bd\u03b9\u03b4\u03c1\u03cd\u03c4\u03c1\u03b9\u03b1 \u03ba\u03b1\u03b9 \u03b1\u03c1\u03c7\u03b9\u03c3\u03c5\u03bd\u03c4\u03ac\u03ba\u03c4\u03c1\u03b9\u03b1 \u03c4\u03bf\u03c5 BnBNews.gr, \u03b4\u03b7\u03bc\u03bf\u03c3\u03b9\u03bf\u03b3\u03c1\u03ac\u03c6\u03bf\u03c2, \u03bc\u03ad\u03bb\u03bf\u03c2 \u03c4\u03b7\u03c2 \u0395\u03a3\u0397\u0395\u0391. \u0391\u03c0\u03cc \u03c4\u03bf 1997 \u03b5\u03c1\u03b3\u03ac\u03b6\u03b5\u03c4\u03b1\u03b9 \u03c9\u03c2 \u03b4\u03b9\u03b1\u03c0\u03b9\u03c3\u03c4\u03b5\u03c5\u03bc\u03ad\u03bd\u03b7 \u03c3\u03c5\u03bd\u03c4\u03ac\u03ba\u03c4\u03c1\u03b9\u03b1 \u03c4\u03bf\u03c5 \u0395\u039f\u03a4 \u03ba\u03b1\u03b9 \u03ba\u03b1\u03c4\u03cc\u03c0\u03b9\u03bd \u03c4\u03bf\u03c5 \u03a5\u03c0\u03bf\u03c5\u03c1\u03b3\u03b5\u03af\u03bf\u03c5 \u03a4\u03bf\u03c5\u03c1\u03b9\u03c3\u03bc\u03bf\u03cd \u03c3\u03b5 \u03bc\u03b9\u03b1 \u03c3\u03b5\u03b9\u03c1\u03ac \u03bc\u03ad\u03c3\u03c9\u03bd \u03b5\u03bd\u03b7\u03bc\u03ad\u03c1\u03c9\u03c3\u03b7\u03c2, \u03ba\u03b1\u03bb\u03cd\u03c0\u03c4\u03bf\u03bd\u03c4\u03b1\u03c2 \u03b8\u03ad\u03bc\u03b1\u03c4\u03b1 \u03c4\u03bf\u03c5\u03c1\u03b9\u03c3\u03bc\u03bf\u03cd \u03ba\u03b1\u03b9 \u03c4\u03b1\u03be\u03b9\u03b4\u03b9\u03ce\u03bd. \u0391\u03bd\u03ac\u03bc\u03b5\u03c3\u03ac \u03c4\u03bf\u03c5\u03c2 \u03c3\u03c4\u03b9\u03c2 \u03b5\u03c6\u03b7\u03bc\u03b5\u03c1\u03af\u03b4\u03b5\u03c2 \u039d\u03b1\u03c5\u03c4\u03b5\u03bc\u03c0\u03bf\u03c1\u03b9\u03ba\u03ae, \u039a\u03b1\u03b8\u03b7\u03bc\u03b5\u03c1\u03b9\u03bd\u03ae, \u0395\u03be\u03bf\u03c5\u03c3\u03af\u03b1, \u03c4\u03b1 \u03c0\u03b5\u03c1\u03b9\u03bf\u03b4\u03b9\u03ba\u03ac\/websites Hotel &amp; Restaurant, Tourism &amp; Property, xenia news, Travel Times, Powergame.gr, \u03ba.\u03ac.","url":"https:\/\/bnbnews.gr\/en\/author\/vicky\/"}]}},"_links":{"self":[{"href":"https:\/\/bnbnews.gr\/en\/wp-json\/wp\/v2\/posts\/41644","targetHints":{"allow":["GET"]}}],"collection":[{"href":"https:\/\/bnbnews.gr\/en\/wp-json\/wp\/v2\/posts"}],"about":[{"href":"https:\/\/bnbnews.gr\/en\/wp-json\/wp\/v2\/types\/post"}],"author":[{"embeddable":true,"href":"https:\/\/bnbnews.gr\/en\/wp-json\/wp\/v2\/users\/3"}],"replies":[{"embeddable":true,"href":"https:\/\/bnbnews.gr\/en\/wp-json\/wp\/v2\/comments?post=41644"}],"version-history":[{"count":1,"href":"https:\/\/bnbnews.gr\/en\/wp-json\/wp\/v2\/posts\/41644\/revisions"}],"predecessor-version":[{"id":41645,"href":"https:\/\/bnbnews.gr\/en\/wp-json\/wp\/v2\/posts\/41644\/revisions\/41645"}],"wp:featuredmedia":[{"embeddable":true,"href":"https:\/\/bnbnews.gr\/en\/wp-json\/wp\/v2\/media\/41647"}],"wp:attachment":[{"href":"https:\/\/bnbnews.gr\/en\/wp-json\/wp\/v2\/media?parent=41644"}],"wp:term":[{"taxonomy":"category","embeddable":true,"href":"https:\/\/bnbnews.gr\/en\/wp-json\/wp\/v2\/categories?post=41644"},{"taxonomy":"post_tag","embeddable":true,"href":"https:\/\/bnbnews.gr\/en\/wp-json\/wp\/v2\/tags?post=41644"}],"curies":[{"name":"wp","href":"https:\/\/api.w.org\/{rel}","templated":true}]}}